{"id":20263,"date":"2017-02-02T12:51:54","date_gmt":"2024-06-03T07:38:27","guid":{"rendered":"https:\/\/onthegosystems.com\/2024\/06\/accion-de-wordpress-en-sudamerica\/"},"modified":"2024-06-03T07:38:27","modified_gmt":"2024-06-03T07:38:27","slug":"accion-de-wordpress-en-sudamerica","status":"publish","type":"post","link":"https:\/\/onthegosystems.com\/es\/2017\/02\/accion-de-wordpress-en-sudamerica\/","title":{"rendered":"Acci\u00f3n de WordPress en Sudam\u00e9rica"},"content":{"rendered":"<p class=\"lead\"><span style=\"font-weight: 400;\">Todos estamos de acuerdo en que la comunidad de WordPress est\u00e1 creciendo r\u00e1pidamente en todas partes. No s\u00f3lo se est\u00e1 expandiendo en Europa y Norteam\u00e9rica, sino tambi\u00e9n en otros lugares, como Sudam\u00e9rica. El pasado 19 de noviembre de 2016  <\/span><a href=\"https:\/\/2016.saopaulo.wordcamp.org\/\"><span style=\"font-weight: 400;\">WordCamp SaoPaulo<\/span><\/a><span style=\"font-weight: 400;\">  tuvo lugar en UNICID &#8211; Universidade Cidade de S\u00e3o Paulo. Aqu\u00ed, en onTheGoSystems, no quer\u00edamos perdernos la oportunidad y preguntamos entre los miembros de nuestro equipo qui\u00e9n estar\u00eda dispuesto a asistir y, posiblemente, solicitar ser ponente. La sorpresa lleg\u00f3 cuando Otto, de Argentina, se present\u00f3 voluntario. En realidad, fue en parte una sorpresa, ya que es conocido aqu\u00ed por ser un entusiasta de la comunidad. Ha hecho de todo, desde asistir a meetups hasta ahora hablar en un WordCamp. Era su primera vez y cabe mencionar que lo hizo en un pa\u00eds extranjero. No obstante, estaba satisfecho con su experiencia. Habl\u00e9 con \u00e9l al respecto.<\/span><\/p>\n<figure id=\"attachment_3640\" aria-describedby=\"caption-attachment-3640\" style=\"width: 300px\" class=\"wp-caption alignright\"><a href=\"https:\/\/onthegosystems.com\/wp-content\/uploads\/2017\/02\/otto-sao-paulo.jpg\"><img decoding=\"async\" class=\"wp-image-3640 size-medium lazyload\" data-src=\"https:\/\/onthegosystems.com\/wp-content\/uploads\/2017\/02\/otto-sao-paulo-300x225.jpg\" alt=\"Otto Wald en WordCamp Sao Paulo\" width=\"300\" height=\"225\" data-srcset=\"https:\/\/onthegosystems.com\/wp-content\/uploads\/2017\/02\/otto-sao-paulo-300x225.jpg 300w, https:\/\/onthegosystems.com\/wp-content\/uploads\/2017\/02\/otto-sao-paulo.jpg 316w\" data-sizes=\"(max-width: 300px) 100vw, 300px\" src=\"data:image\/svg+xml;base64,PHN2ZyB3aWR0aD0iMSIgaGVpZ2h0PSIxIiB4bWxucz0iaHR0cDovL3d3dy53My5vcmcvMjAwMC9zdmciPjwvc3ZnPg==\" style=\"--smush-placeholder-width: 300px; --smush-placeholder-aspect-ratio: 300\/225;\" \/><\/a><figcaption id=\"caption-attachment-3640\" class=\"wp-caption-text\">Otto Wald en WordCamp Sao Paulo<\/figcaption><\/figure>\n<p>&nbsp;<\/p>\n<p><b>\u00bfC\u00f3mo fue que te presentaste y te seleccionaron como ponente? Vives en Argentina y el WordCamp fue en Sao Paulo. Hay miles de kil\u00f3metros de por medio y el idioma es diferente.<\/b><\/p>\n<p><span style=\"font-weight: 400;\">Andr\u00e9s (nuestro <a href=\"https:\/\/onthegosystems.com\/2016\/11\/mr-wordcamp\/\">Sr. WordCamp<\/a>) y yo hab\u00edamos estado hablando de que aqu\u00ed en Sudam\u00e9rica hay muy pocos WordCamps. Est\u00e1bamos deseando tener m\u00e1s. Cuando se present\u00f3 WordCamp Sao Paulo, pensamos que ten\u00edamos que aprovechar la oportunidad. Aqu\u00ed en Buenos Aires no hubo un WordCamp en 2016. Ninguno de nuestros compa\u00f1eros brasile\u00f1os pudo asistir a WordCamp Sao Paulo por diversas razones, as\u00ed que me present\u00e9 y fui seleccionado. El proceso fue bastante sencillo. Me inspir\u00e9 en 2 charlas anteriores de mis compa\u00f1eros de trabajo. El tema era el apoyo, lo cual me gusta. No esperaba que me seleccionaran, porque el WordCamp ser\u00eda \u00edntegramente en portugu\u00e9s. Present\u00e9 mi charla en ingl\u00e9s y me pidieron que la tradujera al espa\u00f1ol, \u00a1lo que me llam\u00f3 la atenci\u00f3n al 100%! La comunidad brasile\u00f1a agradeci\u00f3 mi participaci\u00f3n como ponente. Yo era el \u00fanico extranjero que hablaba. La respuesta fue buena. El p\u00fablico dijo que hab\u00eda conseguido entenderlo todo. Habl\u00e9 claro y despacio, lo que ayud\u00f3, junto con el hecho de que el portugu\u00e9s brasile\u00f1o y el espa\u00f1ol argentino son muy parecidos.<\/span><\/p>\n<p>&nbsp;<\/p>\n<p><b>\u00bfViajaste solo? \u00bfPudiste reunirte all\u00ed con alguien del equipo?<\/b><\/p>\n<p><span style=\"font-weight: 400;\">Viaj\u00e9 sola. Los miembros del equipo brasile\u00f1o viven bastante lejos de San Pablo y no pudieron viajar ese fin de semana. Me qued\u00e9 all\u00ed en casa de un pariente. Mi prima vive en Sao Paulo, tambi\u00e9n fue una buena excusa para visitarla.  <\/span><\/p>\n<p>&nbsp;<\/p>\n<p><b>\u00bfC\u00f3mo te sent\u00edas antes de la charla? Era la primera y en un pa\u00eds extranjero. Tambi\u00e9n estabas solo. \u00a1Has sido muy valiente!<\/b><\/p>\n<p><span style=\"font-weight: 400;\">Mi charla fue la pen\u00faltima. Esto no jug\u00f3 a mi favor y me sent\u00ed un poco nerviosa antes. Durante el d\u00eda no pude hablar con mucha gente, estaba un poco preocupada por mi presentaci\u00f3n. Sin embargo, una vez delante del p\u00fablico, todo empez\u00f3 a fluir y la charla se desarroll\u00f3 con naturalidad. Me sent\u00ed c\u00f3moda y el p\u00fablico parec\u00eda estar disfrutando. Incluso consegu\u00ed hablar con algunas personas despu\u00e9s y me dijeron que les hab\u00eda parecido interesante. La comunidad de WordPress es genial, no importa en qu\u00e9 pa\u00eds estemos :)<\/span><\/p>\n<p>&nbsp;<\/p>\n<p><b>Te has implicado cada vez m\u00e1s en la comunidad. \u00bfFue algo planeado?<\/b><\/p>\n<p><span style=\"font-weight: 400;\">De hecho, siempre me ha gustado participar en las comunidades en las que participo. Antes de incorporarme a la empresa ya estaba en contacto con la comunidad argentina. Lo que ha cambiado es el papel. He pasado de asistir a Meetups a hablar en este WordCamp. Actualmente tambi\u00e9n estoy ayudando a organizar la pr\u00f3xima WordCamp Buenos Aires. Para m\u00ed, esto es muy importante; es una forma de devolver. Algo as\u00ed como \u00abel Esp\u00edritu del C\u00f3digo Abierto\u00bb.<\/span><\/p>\n<figure id=\"attachment_3641\" aria-describedby=\"caption-attachment-3641\" style=\"width: 209px\" class=\"wp-caption aligncenter\"><a href=\"https:\/\/onthegosystems.com\/wp-content\/uploads\/2017\/02\/wordcamp-saopaulo-2016-1905.jpg\"><img decoding=\"async\" class=\"wp-image-3641 size-full lazyload\" data-src=\"https:\/\/onthegosystems.com\/wp-content\/uploads\/2017\/02\/wordcamp-saopaulo-2016-1905.jpg\" alt=\"WordCamp Sao Paulo 2016\" width=\"209\" height=\"139\" src=\"data:image\/svg+xml;base64,PHN2ZyB3aWR0aD0iMSIgaGVpZ2h0PSIxIiB4bWxucz0iaHR0cDovL3d3dy53My5vcmcvMjAwMC9zdmciPjwvc3ZnPg==\" style=\"--smush-placeholder-width: 209px; --smush-placeholder-aspect-ratio: 209\/139;\"><\/a><figcaption id=\"caption-attachment-3641\" class=\"wp-caption-text\">WordCamp Sao Paulo 2016<\/figcaption><\/figure>\n<p><em>Fotos de<a href=\"https:\/\/2016.saopaulo.wordcamp.org\/2016\/12\/28\/fotos-do-wordcamp-sao-paulo-2016\/\"> https:\/\/2016.saopaulo.wordcamp.org\/2016\/12\/28\/fotos-do-wordcamp-sao-paulo-2016\/<\/a><\/em><\/p>\n","protected":false},"excerpt":{"rendered":"<p>Todos estamos de acuerdo en que la comunidad de WordPress est\u00e1 creciendo r\u00e1pidamente en todas partes. No s\u00f3lo se est\u00e1 expandiendo en Europa y Norteam\u00e9rica, sino tambi\u00e9n en otros lugares, como Sudam\u00e9rica. El pasado 19 de noviembre de 2016 WordCamp SaoPaulo tuvo lugar en UNICID &#8211; Universidade Cidade de S\u00e3o Paulo. Aqu\u00ed, en onTheGoSystems, no [&hellip;]<\/p>\n","protected":false},"author":18,"featured_media":9065,"comment_status":"closed","ping_status":"open","sticky":false,"template":"","format":"standard","meta":{"footnotes":""},"categories":[46,152],"tags":[],"class_list":["post-20263","post","type-post","status-publish","format-standard","has-post-thumbnail","hentry","category-sin-categorizar","category-trabajos-e-historias"],"yoast_head":"<!-- This site is optimized with the Yoast SEO plugin v27.5 - https:\/\/yoast.com\/product\/yoast-seo-wordpress\/ -->\n<title>Acci\u00f3n de WordPress en Sudam\u00e9rica - OnTheGoSystems<\/title>\n<meta name=\"robots\" content=\"index, follow, max-snippet:-1, max-image-preview:large, max-video-preview:-1\" \/>\n<link rel=\"canonical\" href=\"https:\/\/onthegosystems.com\/es\/2017\/02\/accion-de-wordpress-en-sudamerica\/\" \/>\n<meta property=\"og:locale\" content=\"es_ES\" \/>\n<meta property=\"og:type\" content=\"article\" \/>\n<meta property=\"og:title\" content=\"Acci\u00f3n de WordPress en Sudam\u00e9rica - OnTheGoSystems\" \/>\n<meta property=\"og:description\" content=\"Todos estamos de acuerdo en que la comunidad de WordPress est\u00e1 creciendo r\u00e1pidamente en todas partes. No s\u00f3lo se est\u00e1 expandiendo en Europa y Norteam\u00e9rica, sino tambi\u00e9n en otros lugares, como Sudam\u00e9rica. El pasado 19 de noviembre de 2016 WordCamp SaoPaulo tuvo lugar en UNICID &#8211; Universidade Cidade de S\u00e3o Paulo. Aqu\u00ed, en onTheGoSystems, no [&hellip;]\" \/>\n<meta property=\"og:url\" content=\"https:\/\/onthegosystems.com\/es\/2017\/02\/accion-de-wordpress-en-sudamerica\/\" \/>\n<meta property=\"og:site_name\" content=\"OnTheGoSystems\" \/>\n<meta property=\"article:published_time\" content=\"2024-06-03T07:38:27+00:00\" \/>\n<meta property=\"og:image\" content=\"https:\/\/onthegosystems.com\/wp-content\/uploads\/2017\/02\/otto-sao-paulo.jpg\" \/>\n\t<meta property=\"og:image:width\" content=\"316\" \/>\n\t<meta property=\"og:image:height\" content=\"237\" \/>\n\t<meta property=\"og:image:type\" content=\"image\/jpeg\" \/>\n<meta name=\"author\" content=\"Mercedes Barreda\" \/>\n<meta name=\"twitter:card\" content=\"summary_large_image\" \/>\n<meta name=\"twitter:label1\" content=\"Escrito por\" \/>\n\t<meta name=\"twitter:data1\" content=\"Mercedes Barreda\" \/>\n\t<meta name=\"twitter:label2\" content=\"Tiempo de lectura\" \/>\n\t<meta name=\"twitter:data2\" content=\"3 minutos\" \/>\n<script type=\"application\/ld+json\" class=\"yoast-schema-graph\">{\"@context\":\"https:\\\/\\\/schema.org\",\"@graph\":[{\"@type\":\"Article\",\"@id\":\"https:\\\/\\\/onthegosystems.com\\\/es\\\/2017\\\/02\\\/accion-de-wordpress-en-sudamerica\\\/#article\",\"isPartOf\":{\"@id\":\"https:\\\/\\\/onthegosystems.com\\\/es\\\/2017\\\/02\\\/accion-de-wordpress-en-sudamerica\\\/\"},\"author\":{\"name\":\"Mercedes Barreda\",\"@id\":\"https:\\\/\\\/onthegosystems.com\\\/es\\\/#\\\/schema\\\/person\\\/30809434c4cb4be57e73b5e1fb4f8f13\"},\"headline\":\"Acci\u00f3n de WordPress en Sudam\u00e9rica\",\"datePublished\":\"2024-06-03T07:38:27+00:00\",\"mainEntityOfPage\":{\"@id\":\"https:\\\/\\\/onthegosystems.com\\\/es\\\/2017\\\/02\\\/accion-de-wordpress-en-sudamerica\\\/\"},\"wordCount\":691,\"publisher\":{\"@id\":\"https:\\\/\\\/onthegosystems.com\\\/es\\\/#organization\"},\"image\":{\"@id\":\"https:\\\/\\\/onthegosystems.com\\\/es\\\/2017\\\/02\\\/accion-de-wordpress-en-sudamerica\\\/#primaryimage\"},\"thumbnailUrl\":\"https:\\\/\\\/onthegosystems.com\\\/wp-content\\\/uploads\\\/2017\\\/02\\\/otto-sao-paulo.jpg\",\"articleSection\":[\"Sin categorizar\",\"Trabajos e Historias\"],\"inLanguage\":\"es\"},{\"@type\":\"WebPage\",\"@id\":\"https:\\\/\\\/onthegosystems.com\\\/es\\\/2017\\\/02\\\/accion-de-wordpress-en-sudamerica\\\/\",\"url\":\"https:\\\/\\\/onthegosystems.com\\\/es\\\/2017\\\/02\\\/accion-de-wordpress-en-sudamerica\\\/\",\"name\":\"Acci\u00f3n de WordPress en Sudam\u00e9rica - OnTheGoSystems\",\"isPartOf\":{\"@id\":\"https:\\\/\\\/onthegosystems.com\\\/es\\\/#website\"},\"primaryImageOfPage\":{\"@id\":\"https:\\\/\\\/onthegosystems.com\\\/es\\\/2017\\\/02\\\/accion-de-wordpress-en-sudamerica\\\/#primaryimage\"},\"image\":{\"@id\":\"https:\\\/\\\/onthegosystems.com\\\/es\\\/2017\\\/02\\\/accion-de-wordpress-en-sudamerica\\\/#primaryimage\"},\"thumbnailUrl\":\"https:\\\/\\\/onthegosystems.com\\\/wp-content\\\/uploads\\\/2017\\\/02\\\/otto-sao-paulo.jpg\",\"datePublished\":\"2024-06-03T07:38:27+00:00\",\"breadcrumb\":{\"@id\":\"https:\\\/\\\/onthegosystems.com\\\/es\\\/2017\\\/02\\\/accion-de-wordpress-en-sudamerica\\\/#breadcrumb\"},\"inLanguage\":\"es\",\"potentialAction\":[{\"@type\":\"ReadAction\",\"target\":[\"https:\\\/\\\/onthegosystems.com\\\/es\\\/2017\\\/02\\\/accion-de-wordpress-en-sudamerica\\\/\"]}]},{\"@type\":\"ImageObject\",\"inLanguage\":\"es\",\"@id\":\"https:\\\/\\\/onthegosystems.com\\\/es\\\/2017\\\/02\\\/accion-de-wordpress-en-sudamerica\\\/#primaryimage\",\"url\":\"https:\\\/\\\/onthegosystems.com\\\/wp-content\\\/uploads\\\/2017\\\/02\\\/otto-sao-paulo.jpg\",\"contentUrl\":\"https:\\\/\\\/onthegosystems.com\\\/wp-content\\\/uploads\\\/2017\\\/02\\\/otto-sao-paulo.jpg\",\"width\":316,\"height\":237,\"caption\":\"Otto Wald at WordCamp Sao Paulo\"},{\"@type\":\"BreadcrumbList\",\"@id\":\"https:\\\/\\\/onthegosystems.com\\\/es\\\/2017\\\/02\\\/accion-de-wordpress-en-sudamerica\\\/#breadcrumb\",\"itemListElement\":[{\"@type\":\"ListItem\",\"position\":1,\"name\":\"Home\",\"item\":\"https:\\\/\\\/onthegosystems.com\\\/es\\\/pagina-de-inicio\\\/\"},{\"@type\":\"ListItem\",\"position\":2,\"name\":\"Acci\u00f3n de WordPress en Sudam\u00e9rica\"}]},{\"@type\":\"WebSite\",\"@id\":\"https:\\\/\\\/onthegosystems.com\\\/es\\\/#website\",\"url\":\"https:\\\/\\\/onthegosystems.com\\\/es\\\/\",\"name\":\"OnTheGoSystems\",\"description\":\"WordPress plugins and professional translation\",\"publisher\":{\"@id\":\"https:\\\/\\\/onthegosystems.com\\\/es\\\/#organization\"},\"potentialAction\":[{\"@type\":\"SearchAction\",\"target\":{\"@type\":\"EntryPoint\",\"urlTemplate\":\"https:\\\/\\\/onthegosystems.com\\\/es\\\/?s={search_term_string}\"},\"query-input\":{\"@type\":\"PropertyValueSpecification\",\"valueRequired\":true,\"valueName\":\"search_term_string\"}}],\"inLanguage\":\"es\"},{\"@type\":\"Organization\",\"@id\":\"https:\\\/\\\/onthegosystems.com\\\/es\\\/#organization\",\"name\":\"OnTheGoSystems\",\"url\":\"https:\\\/\\\/onthegosystems.com\\\/es\\\/\",\"logo\":{\"@type\":\"ImageObject\",\"inLanguage\":\"es\",\"@id\":\"https:\\\/\\\/onthegosystems.com\\\/es\\\/#\\\/schema\\\/logo\\\/image\\\/\",\"url\":\"https:\\\/\\\/onthegosystems.com\\\/wp-content\\\/uploads\\\/2020\\\/07\\\/cropped-favicon.png\",\"contentUrl\":\"https:\\\/\\\/onthegosystems.com\\\/wp-content\\\/uploads\\\/2020\\\/07\\\/cropped-favicon.png\",\"width\":512,\"height\":512,\"caption\":\"OnTheGoSystems\"},\"image\":{\"@id\":\"https:\\\/\\\/onthegosystems.com\\\/es\\\/#\\\/schema\\\/logo\\\/image\\\/\"}},{\"@type\":\"Person\",\"@id\":\"https:\\\/\\\/onthegosystems.com\\\/es\\\/#\\\/schema\\\/person\\\/30809434c4cb4be57e73b5e1fb4f8f13\",\"name\":\"Mercedes Barreda\",\"image\":{\"@type\":\"ImageObject\",\"inLanguage\":\"es\",\"@id\":\"https:\\\/\\\/secure.gravatar.com\\\/avatar\\\/98d3f34d844f411bd8081fbdbc23408dccae3427f917da544d90349421255483?s=96&d=mm&r=g\",\"url\":\"https:\\\/\\\/secure.gravatar.com\\\/avatar\\\/98d3f34d844f411bd8081fbdbc23408dccae3427f917da544d90349421255483?s=96&d=mm&r=g\",\"contentUrl\":\"https:\\\/\\\/secure.gravatar.com\\\/avatar\\\/98d3f34d844f411bd8081fbdbc23408dccae3427f917da544d90349421255483?s=96&d=mm&r=g\",\"caption\":\"Mercedes Barreda\"},\"url\":\"https:\\\/\\\/onthegosystems.com\\\/es\\\/author\\\/mercedes-b\\\/\"}]}<\/script>\n<!-- \/ Yoast SEO plugin. -->","yoast_head_json":{"title":"Acci\u00f3n de WordPress en Sudam\u00e9rica - OnTheGoSystems","robots":{"index":"index","follow":"follow","max-snippet":"max-snippet:-1","max-image-preview":"max-image-preview:large","max-video-preview":"max-video-preview:-1"},"canonical":"https:\/\/onthegosystems.com\/es\/2017\/02\/accion-de-wordpress-en-sudamerica\/","og_locale":"es_ES","og_type":"article","og_title":"Acci\u00f3n de WordPress en Sudam\u00e9rica - OnTheGoSystems","og_description":"Todos estamos de acuerdo en que la comunidad de WordPress est\u00e1 creciendo r\u00e1pidamente en todas partes. No s\u00f3lo se est\u00e1 expandiendo en Europa y Norteam\u00e9rica, sino tambi\u00e9n en otros lugares, como Sudam\u00e9rica. El pasado 19 de noviembre de 2016 WordCamp SaoPaulo tuvo lugar en UNICID &#8211; Universidade Cidade de S\u00e3o Paulo. Aqu\u00ed, en onTheGoSystems, no [&hellip;]","og_url":"https:\/\/onthegosystems.com\/es\/2017\/02\/accion-de-wordpress-en-sudamerica\/","og_site_name":"OnTheGoSystems","article_published_time":"2024-06-03T07:38:27+00:00","og_image":[{"width":316,"height":237,"url":"https:\/\/onthegosystems.com\/wp-content\/uploads\/2017\/02\/otto-sao-paulo.jpg","type":"image\/jpeg"}],"author":"Mercedes Barreda","twitter_card":"summary_large_image","twitter_misc":{"Escrito por":"Mercedes Barreda","Tiempo de lectura":"3 minutos"},"schema":{"@context":"https:\/\/schema.org","@graph":[{"@type":"Article","@id":"https:\/\/onthegosystems.com\/es\/2017\/02\/accion-de-wordpress-en-sudamerica\/#article","isPartOf":{"@id":"https:\/\/onthegosystems.com\/es\/2017\/02\/accion-de-wordpress-en-sudamerica\/"},"author":{"name":"Mercedes Barreda","@id":"https:\/\/onthegosystems.com\/es\/#\/schema\/person\/30809434c4cb4be57e73b5e1fb4f8f13"},"headline":"Acci\u00f3n de WordPress en Sudam\u00e9rica","datePublished":"2024-06-03T07:38:27+00:00","mainEntityOfPage":{"@id":"https:\/\/onthegosystems.com\/es\/2017\/02\/accion-de-wordpress-en-sudamerica\/"},"wordCount":691,"publisher":{"@id":"https:\/\/onthegosystems.com\/es\/#organization"},"image":{"@id":"https:\/\/onthegosystems.com\/es\/2017\/02\/accion-de-wordpress-en-sudamerica\/#primaryimage"},"thumbnailUrl":"https:\/\/onthegosystems.com\/wp-content\/uploads\/2017\/02\/otto-sao-paulo.jpg","articleSection":["Sin categorizar","Trabajos e Historias"],"inLanguage":"es"},{"@type":"WebPage","@id":"https:\/\/onthegosystems.com\/es\/2017\/02\/accion-de-wordpress-en-sudamerica\/","url":"https:\/\/onthegosystems.com\/es\/2017\/02\/accion-de-wordpress-en-sudamerica\/","name":"Acci\u00f3n de WordPress en Sudam\u00e9rica - OnTheGoSystems","isPartOf":{"@id":"https:\/\/onthegosystems.com\/es\/#website"},"primaryImageOfPage":{"@id":"https:\/\/onthegosystems.com\/es\/2017\/02\/accion-de-wordpress-en-sudamerica\/#primaryimage"},"image":{"@id":"https:\/\/onthegosystems.com\/es\/2017\/02\/accion-de-wordpress-en-sudamerica\/#primaryimage"},"thumbnailUrl":"https:\/\/onthegosystems.com\/wp-content\/uploads\/2017\/02\/otto-sao-paulo.jpg","datePublished":"2024-06-03T07:38:27+00:00","breadcrumb":{"@id":"https:\/\/onthegosystems.com\/es\/2017\/02\/accion-de-wordpress-en-sudamerica\/#breadcrumb"},"inLanguage":"es","potentialAction":[{"@type":"ReadAction","target":["https:\/\/onthegosystems.com\/es\/2017\/02\/accion-de-wordpress-en-sudamerica\/"]}]},{"@type":"ImageObject","inLanguage":"es","@id":"https:\/\/onthegosystems.com\/es\/2017\/02\/accion-de-wordpress-en-sudamerica\/#primaryimage","url":"https:\/\/onthegosystems.com\/wp-content\/uploads\/2017\/02\/otto-sao-paulo.jpg","contentUrl":"https:\/\/onthegosystems.com\/wp-content\/uploads\/2017\/02\/otto-sao-paulo.jpg","width":316,"height":237,"caption":"Otto Wald at WordCamp Sao Paulo"},{"@type":"BreadcrumbList","@id":"https:\/\/onthegosystems.com\/es\/2017\/02\/accion-de-wordpress-en-sudamerica\/#breadcrumb","itemListElement":[{"@type":"ListItem","position":1,"name":"Home","item":"https:\/\/onthegosystems.com\/es\/pagina-de-inicio\/"},{"@type":"ListItem","position":2,"name":"Acci\u00f3n de WordPress en Sudam\u00e9rica"}]},{"@type":"WebSite","@id":"https:\/\/onthegosystems.com\/es\/#website","url":"https:\/\/onthegosystems.com\/es\/","name":"OnTheGoSystems","description":"WordPress plugins and professional translation","publisher":{"@id":"https:\/\/onthegosystems.com\/es\/#organization"},"potentialAction":[{"@type":"SearchAction","target":{"@type":"EntryPoint","urlTemplate":"https:\/\/onthegosystems.com\/es\/?s={search_term_string}"},"query-input":{"@type":"PropertyValueSpecification","valueRequired":true,"valueName":"search_term_string"}}],"inLanguage":"es"},{"@type":"Organization","@id":"https:\/\/onthegosystems.com\/es\/#organization","name":"OnTheGoSystems","url":"https:\/\/onthegosystems.com\/es\/","logo":{"@type":"ImageObject","inLanguage":"es","@id":"https:\/\/onthegosystems.com\/es\/#\/schema\/logo\/image\/","url":"https:\/\/onthegosystems.com\/wp-content\/uploads\/2020\/07\/cropped-favicon.png","contentUrl":"https:\/\/onthegosystems.com\/wp-content\/uploads\/2020\/07\/cropped-favicon.png","width":512,"height":512,"caption":"OnTheGoSystems"},"image":{"@id":"https:\/\/onthegosystems.com\/es\/#\/schema\/logo\/image\/"}},{"@type":"Person","@id":"https:\/\/onthegosystems.com\/es\/#\/schema\/person\/30809434c4cb4be57e73b5e1fb4f8f13","name":"Mercedes Barreda","image":{"@type":"ImageObject","inLanguage":"es","@id":"https:\/\/secure.gravatar.com\/avatar\/98d3f34d844f411bd8081fbdbc23408dccae3427f917da544d90349421255483?s=96&d=mm&r=g","url":"https:\/\/secure.gravatar.com\/avatar\/98d3f34d844f411bd8081fbdbc23408dccae3427f917da544d90349421255483?s=96&d=mm&r=g","contentUrl":"https:\/\/secure.gravatar.com\/avatar\/98d3f34d844f411bd8081fbdbc23408dccae3427f917da544d90349421255483?s=96&d=mm&r=g","caption":"Mercedes Barreda"},"url":"https:\/\/onthegosystems.com\/es\/author\/mercedes-b\/"}]}},"_links":{"self":[{"href":"https:\/\/onthegosystems.com\/es\/wp-json\/wp\/v2\/posts\/20263","targetHints":{"allow":["GET"]}}],"collection":[{"href":"https:\/\/onthegosystems.com\/es\/wp-json\/wp\/v2\/posts"}],"about":[{"href":"https:\/\/onthegosystems.com\/es\/wp-json\/wp\/v2\/types\/post"}],"author":[{"embeddable":true,"href":"https:\/\/onthegosystems.com\/es\/wp-json\/wp\/v2\/users\/18"}],"replies":[{"embeddable":true,"href":"https:\/\/onthegosystems.com\/es\/wp-json\/wp\/v2\/comments?post=20263"}],"version-history":[{"count":0,"href":"https:\/\/onthegosystems.com\/es\/wp-json\/wp\/v2\/posts\/20263\/revisions"}],"wp:featuredmedia":[{"embeddable":true,"href":"https:\/\/onthegosystems.com\/es\/wp-json\/wp\/v2\/media\/9065"}],"wp:attachment":[{"href":"https:\/\/onthegosystems.com\/es\/wp-json\/wp\/v2\/media?parent=20263"}],"wp:term":[{"taxonomy":"category","embeddable":true,"href":"https:\/\/onthegosystems.com\/es\/wp-json\/wp\/v2\/categories?post=20263"},{"taxonomy":"post_tag","embeddable":true,"href":"https:\/\/onthegosystems.com\/es\/wp-json\/wp\/v2\/tags?post=20263"}],"curies":[{"name":"wp","href":"https:\/\/api.w.org\/{rel}","templated":true}]}}